{"id":4184,"date":"2019-04-28T11:47:43","date_gmt":"2019-04-28T09:47:43","guid":{"rendered":"http:\/\/www.fotoclubfollonica.com\/v1\/?p=4184"},"modified":"2019-04-28T11:51:16","modified_gmt":"2019-04-28T09:51:16","slug":"cerimonia-di-premiazione-2019","status":"publish","type":"post","link":"http:\/\/www.fotoclubfollonica.com\/v1\/cerimonia-di-premiazione-2019\/","title":{"rendered":"Cerimonia di Premiazione 2019"},"content":{"rendered":"\n<p>Siete tutti invitati alla cerimonia di premiazione del Trofeo Citt\u00e0 di Follonica 2019 che si terr\u00e0 presso la Pinacoteca Civica in Piazza del Popolo il giorno 4 Maggio alle ore 17. Sar\u00e0 l&#8217;occasione per vedere tutte le foto ammesse e premiate e conoscere personalmente gli autori.<\/p>\n","protected":false},"excerpt":{"rendered":"<p>Siete tutti invitati alla cerimonia di premiazione del Trofeo Citt\u00e0 di Follonica 2019 che si terr\u00e0 presso la Pinacoteca Civica in Piazza del Popolo il giorno 4 Maggio alle ore 17. Sar\u00e0 l&#8217;occasione per vedere tutte le foto ammesse e premiate e conoscere personalmente gli autori.<\/p>\n","protected":false},"author":1,"featured_media":4180,"comment_status":"closed","ping_status":"open","sticky":false,"template":"","format":"standard","meta":[],"categories":[3,6],"tags":[5],"yoast_head":"<!-- This site is optimized with the Yoast SEO plugin v20.3 - https:\/\/yoast.com\/wordpress\/plugins\/seo\/ -->\n<title>Cerimonia di Premiazione 2019 &bull; Fotoclub Follonica BFI<\/title>\n<meta name=\"robots\" content=\"index, follow, max-snippet:-1, max-image-preview:large, max-video-preview:-1\" \/>\n<link rel=\"canonical\" href=\"http:\/\/www.fotoclubfollonica.com\/v1\/cerimonia-di-premiazione-2019\/\" \/>\n<meta property=\"og:locale\" content=\"it_IT\" \/>\n<meta property=\"og:type\" content=\"article\" \/>\n<meta property=\"og:title\" content=\"Cerimonia di Premiazione 2019 &bull; Fotoclub Follonica BFI\" \/>\n<meta property=\"og:description\" content=\"Siete tutti invitati alla cerimonia di premiazione del Trofeo Citt\u00e0 di Follonica 2019 che si terr\u00e0 presso la Pinacoteca Civica in Piazza del Popolo il giorno 4 Maggio alle ore 17. Sar\u00e0 l&#8217;occasione per vedere tutte le foto ammesse e premiate e conoscere personalmente gli autori.\" \/>\n<meta property=\"og:url\" content=\"http:\/\/www.fotoclubfollonica.com\/v1\/cerimonia-di-premiazione-2019\/\" \/>\n<meta property=\"og:site_name\" content=\"Fotoclub Follonica BFI\" \/>\n<meta property=\"article:publisher\" content=\"https:\/\/www.facebook.com\/fotoclubfollonicaBFI\" \/>\n<meta property=\"article:published_time\" content=\"2019-04-28T09:47:43+00:00\" \/>\n<meta property=\"article:modified_time\" content=\"2019-04-28T09:51:16+00:00\" \/>\n<meta property=\"og:image\" content=\"http:\/\/www.fotoclubfollonica.com\/v1\/wp-content\/uploads\/2019\/04\/concorso2019.jpg\" \/>\n\t<meta property=\"og:image:width\" content=\"567\" \/>\n\t<meta property=\"og:image:height\" content=\"801\" \/>\n\t<meta property=\"og:image:type\" content=\"image\/jpeg\" \/>\n<meta name=\"author\" content=\"Fotoclub Follonica Bfi\" \/>\n<meta name=\"twitter:card\" content=\"summary_large_image\" \/>\n<meta name=\"twitter:label1\" content=\"Scritto da\" \/>\n\t<meta name=\"twitter:data1\" content=\"Fotoclub Follonica Bfi\" \/>\n<script type=\"application\/ld+json\" class=\"yoast-schema-graph\">{\"@context\":\"https:\/\/schema.org\",\"@graph\":[{\"@type\":\"Article\",\"@id\":\"http:\/\/www.fotoclubfollonica.com\/v1\/cerimonia-di-premiazione-2019\/#article\",\"isPartOf\":{\"@id\":\"http:\/\/www.fotoclubfollonica.com\/v1\/cerimonia-di-premiazione-2019\/\"},\"author\":{\"name\":\"Fotoclub Follonica Bfi\",\"@id\":\"http:\/\/www.fotoclubfollonica.com\/v1\/#\/schema\/person\/65567f137291544642dd214fefac2851\"},\"headline\":\"Cerimonia di Premiazione 2019\",\"datePublished\":\"2019-04-28T09:47:43+00:00\",\"dateModified\":\"2019-04-28T09:51:16+00:00\",\"mainEntityOfPage\":{\"@id\":\"http:\/\/www.fotoclubfollonica.com\/v1\/cerimonia-di-premiazione-2019\/\"},\"wordCount\":46,\"publisher\":{\"@id\":\"http:\/\/www.fotoclubfollonica.com\/v1\/#organization\"},\"keywords\":[\"Trofeo Citt\u00e0 di Follonica\"],\"articleSection\":[\"Fotoclub Follonica Bfi\",\"Trofeo Citt\u00e0 di Follonica\"],\"inLanguage\":\"it-IT\"},{\"@type\":\"WebPage\",\"@id\":\"http:\/\/www.fotoclubfollonica.com\/v1\/cerimonia-di-premiazione-2019\/\",\"url\":\"http:\/\/www.fotoclubfollonica.com\/v1\/cerimonia-di-premiazione-2019\/\",\"name\":\"Cerimonia di Premiazione 2019 &bull; Fotoclub Follonica BFI\",\"isPartOf\":{\"@id\":\"http:\/\/www.fotoclubfollonica.com\/v1\/#website\"},\"datePublished\":\"2019-04-28T09:47:43+00:00\",\"dateModified\":\"2019-04-28T09:51:16+00:00\",\"breadcrumb\":{\"@id\":\"http:\/\/www.fotoclubfollonica.com\/v1\/cerimonia-di-premiazione-2019\/#breadcrumb\"},\"inLanguage\":\"it-IT\",\"potentialAction\":[{\"@type\":\"ReadAction\",\"target\":[\"http:\/\/www.fotoclubfollonica.com\/v1\/cerimonia-di-premiazione-2019\/\"]}]},{\"@type\":\"BreadcrumbList\",\"@id\":\"http:\/\/www.fotoclubfollonica.com\/v1\/cerimonia-di-premiazione-2019\/#breadcrumb\",\"itemListElement\":[{\"@type\":\"ListItem\",\"position\":1,\"name\":\"Home\",\"item\":\"http:\/\/www.fotoclubfollonica.com\/v1\/\"},{\"@type\":\"ListItem\",\"position\":2,\"name\":\"Cerimonia di Premiazione 2019\"}]},{\"@type\":\"WebSite\",\"@id\":\"http:\/\/www.fotoclubfollonica.com\/v1\/#website\",\"url\":\"http:\/\/www.fotoclubfollonica.com\/v1\/\",\"name\":\"Fotoclub Follonica BFI\",\"description\":\"\",\"publisher\":{\"@id\":\"http:\/\/www.fotoclubfollonica.com\/v1\/#organization\"},\"potentialAction\":[{\"@type\":\"SearchAction\",\"target\":{\"@type\":\"EntryPoint\",\"urlTemplate\":\"http:\/\/www.fotoclubfollonica.com\/v1\/?s={search_term_string}\"},\"query-input\":\"required name=search_term_string\"}],\"inLanguage\":\"it-IT\"},{\"@type\":\"Organization\",\"@id\":\"http:\/\/www.fotoclubfollonica.com\/v1\/#organization\",\"name\":\"Fotoclub Follonica Bfi\",\"url\":\"http:\/\/www.fotoclubfollonica.com\/v1\/\",\"logo\":{\"@type\":\"ImageObject\",\"inLanguage\":\"it-IT\",\"@id\":\"http:\/\/www.fotoclubfollonica.com\/v1\/#\/schema\/logo\/image\/\",\"url\":\"http:\/\/www.fotoclubfollonica.com\/v1\/wp-content\/uploads\/2015\/11\/Fotoclub_Logo.png\",\"contentUrl\":\"http:\/\/www.fotoclubfollonica.com\/v1\/wp-content\/uploads\/2015\/11\/Fotoclub_Logo.png\",\"width\":500,\"height\":235,\"caption\":\"Fotoclub Follonica Bfi\"},\"image\":{\"@id\":\"http:\/\/www.fotoclubfollonica.com\/v1\/#\/schema\/logo\/image\/\"},\"sameAs\":[\"https:\/\/www.facebook.com\/fotoclubfollonicaBFI\",\"https:\/\/www.instagram.com\/fotoclubfollonica\/\"]},{\"@type\":\"Person\",\"@id\":\"http:\/\/www.fotoclubfollonica.com\/v1\/#\/schema\/person\/65567f137291544642dd214fefac2851\",\"name\":\"Fotoclub Follonica Bfi\",\"image\":{\"@type\":\"ImageObject\",\"inLanguage\":\"it-IT\",\"@id\":\"http:\/\/www.fotoclubfollonica.com\/v1\/#\/schema\/person\/image\/\",\"url\":\"http:\/\/0.gravatar.com\/avatar\/fd5b1e498ce273a426d8bca129b416d1?s=96&d=mm&r=g\",\"contentUrl\":\"http:\/\/0.gravatar.com\/avatar\/fd5b1e498ce273a426d8bca129b416d1?s=96&d=mm&r=g\",\"caption\":\"Fotoclub Follonica Bfi\"}}]}<\/script>\n<!-- \/ Yoast SEO plugin. -->","yoast_head_json":{"title":"Cerimonia di Premiazione 2019 &bull; Fotoclub Follonica BFI","robots":{"index":"index","follow":"follow","max-snippet":"max-snippet:-1","max-image-preview":"max-image-preview:large","max-video-preview":"max-video-preview:-1"},"canonical":"http:\/\/www.fotoclubfollonica.com\/v1\/cerimonia-di-premiazione-2019\/","og_locale":"it_IT","og_type":"article","og_title":"Cerimonia di Premiazione 2019 &bull; Fotoclub Follonica BFI","og_description":"Siete tutti invitati alla cerimonia di premiazione del Trofeo Citt\u00e0 di Follonica 2019 che si terr\u00e0 presso la Pinacoteca Civica in Piazza del Popolo il giorno 4 Maggio alle ore 17. Sar\u00e0 l&#8217;occasione per vedere tutte le foto ammesse e premiate e conoscere personalmente gli autori.","og_url":"http:\/\/www.fotoclubfollonica.com\/v1\/cerimonia-di-premiazione-2019\/","og_site_name":"Fotoclub Follonica BFI","article_publisher":"https:\/\/www.facebook.com\/fotoclubfollonicaBFI","article_published_time":"2019-04-28T09:47:43+00:00","article_modified_time":"2019-04-28T09:51:16+00:00","og_image":[{"width":567,"height":801,"url":"http:\/\/www.fotoclubfollonica.com\/v1\/wp-content\/uploads\/2019\/04\/concorso2019.jpg","type":"image\/jpeg"}],"author":"Fotoclub Follonica Bfi","twitter_card":"summary_large_image","twitter_misc":{"Scritto da":"Fotoclub Follonica Bfi"},"schema":{"@context":"https:\/\/schema.org","@graph":[{"@type":"Article","@id":"http:\/\/www.fotoclubfollonica.com\/v1\/cerimonia-di-premiazione-2019\/#article","isPartOf":{"@id":"http:\/\/www.fotoclubfollonica.com\/v1\/cerimonia-di-premiazione-2019\/"},"author":{"name":"Fotoclub Follonica Bfi","@id":"http:\/\/www.fotoclubfollonica.com\/v1\/#\/schema\/person\/65567f137291544642dd214fefac2851"},"headline":"Cerimonia di Premiazione 2019","datePublished":"2019-04-28T09:47:43+00:00","dateModified":"2019-04-28T09:51:16+00:00","mainEntityOfPage":{"@id":"http:\/\/www.fotoclubfollonica.com\/v1\/cerimonia-di-premiazione-2019\/"},"wordCount":46,"publisher":{"@id":"http:\/\/www.fotoclubfollonica.com\/v1\/#organization"},"keywords":["Trofeo Citt\u00e0 di Follonica"],"articleSection":["Fotoclub Follonica Bfi","Trofeo Citt\u00e0 di Follonica"],"inLanguage":"it-IT"},{"@type":"WebPage","@id":"http:\/\/www.fotoclubfollonica.com\/v1\/cerimonia-di-premiazione-2019\/","url":"http:\/\/www.fotoclubfollonica.com\/v1\/cerimonia-di-premiazione-2019\/","name":"Cerimonia di Premiazione 2019 &bull; Fotoclub Follonica BFI","isPartOf":{"@id":"http:\/\/www.fotoclubfollonica.com\/v1\/#website"},"datePublished":"2019-04-28T09:47:43+00:00","dateModified":"2019-04-28T09:51:16+00:00","breadcrumb":{"@id":"http:\/\/www.fotoclubfollonica.com\/v1\/cerimonia-di-premiazione-2019\/#breadcrumb"},"inLanguage":"it-IT","potentialAction":[{"@type":"ReadAction","target":["http:\/\/www.fotoclubfollonica.com\/v1\/cerimonia-di-premiazione-2019\/"]}]},{"@type":"BreadcrumbList","@id":"http:\/\/www.fotoclubfollonica.com\/v1\/cerimonia-di-premiazione-2019\/#breadcrumb","itemListElement":[{"@type":"ListItem","position":1,"name":"Home","item":"http:\/\/www.fotoclubfollonica.com\/v1\/"},{"@type":"ListItem","position":2,"name":"Cerimonia di Premiazione 2019"}]},{"@type":"WebSite","@id":"http:\/\/www.fotoclubfollonica.com\/v1\/#website","url":"http:\/\/www.fotoclubfollonica.com\/v1\/","name":"Fotoclub Follonica BFI","description":"","publisher":{"@id":"http:\/\/www.fotoclubfollonica.com\/v1\/#organization"},"potentialAction":[{"@type":"SearchAction","target":{"@type":"EntryPoint","urlTemplate":"http:\/\/www.fotoclubfollonica.com\/v1\/?s={search_term_string}"},"query-input":"required name=search_term_string"}],"inLanguage":"it-IT"},{"@type":"Organization","@id":"http:\/\/www.fotoclubfollonica.com\/v1\/#organization","name":"Fotoclub Follonica Bfi","url":"http:\/\/www.fotoclubfollonica.com\/v1\/","logo":{"@type":"ImageObject","inLanguage":"it-IT","@id":"http:\/\/www.fotoclubfollonica.com\/v1\/#\/schema\/logo\/image\/","url":"http:\/\/www.fotoclubfollonica.com\/v1\/wp-content\/uploads\/2015\/11\/Fotoclub_Logo.png","contentUrl":"http:\/\/www.fotoclubfollonica.com\/v1\/wp-content\/uploads\/2015\/11\/Fotoclub_Logo.png","width":500,"height":235,"caption":"Fotoclub Follonica Bfi"},"image":{"@id":"http:\/\/www.fotoclubfollonica.com\/v1\/#\/schema\/logo\/image\/"},"sameAs":["https:\/\/www.facebook.com\/fotoclubfollonicaBFI","https:\/\/www.instagram.com\/fotoclubfollonica\/"]},{"@type":"Person","@id":"http:\/\/www.fotoclubfollonica.com\/v1\/#\/schema\/person\/65567f137291544642dd214fefac2851","name":"Fotoclub Follonica Bfi","image":{"@type":"ImageObject","inLanguage":"it-IT","@id":"http:\/\/www.fotoclubfollonica.com\/v1\/#\/schema\/person\/image\/","url":"http:\/\/0.gravatar.com\/avatar\/fd5b1e498ce273a426d8bca129b416d1?s=96&d=mm&r=g","contentUrl":"http:\/\/0.gravatar.com\/avatar\/fd5b1e498ce273a426d8bca129b416d1?s=96&d=mm&r=g","caption":"Fotoclub Follonica Bfi"}}]}},"_links":{"self":[{"href":"http:\/\/www.fotoclubfollonica.com\/v1\/wp-json\/wp\/v2\/posts\/4184"}],"collection":[{"href":"http:\/\/www.fotoclubfollonica.com\/v1\/wp-json\/wp\/v2\/posts"}],"about":[{"href":"http:\/\/www.fotoclubfollonica.com\/v1\/wp-json\/wp\/v2\/types\/post"}],"author":[{"embeddable":true,"href":"http:\/\/www.fotoclubfollonica.com\/v1\/wp-json\/wp\/v2\/users\/1"}],"replies":[{"embeddable":true,"href":"http:\/\/www.fotoclubfollonica.com\/v1\/wp-json\/wp\/v2\/comments?post=4184"}],"version-history":[{"count":2,"href":"http:\/\/www.fotoclubfollonica.com\/v1\/wp-json\/wp\/v2\/posts\/4184\/revisions"}],"predecessor-version":[{"id":4187,"href":"http:\/\/www.fotoclubfollonica.com\/v1\/wp-json\/wp\/v2\/posts\/4184\/revisions\/4187"}],"wp:featuredmedia":[{"embeddable":true,"href":"http:\/\/www.fotoclubfollonica.com\/v1\/wp-json\/wp\/v2\/media\/4180"}],"wp:attachment":[{"href":"http:\/\/www.fotoclubfollonica.com\/v1\/wp-json\/wp\/v2\/media?parent=4184"}],"wp:term":[{"taxonomy":"category","embeddable":true,"href":"http:\/\/www.fotoclubfollonica.com\/v1\/wp-json\/wp\/v2\/categories?post=4184"},{"taxonomy":"post_tag","embeddable":true,"href":"http:\/\/www.fotoclubfollonica.com\/v1\/wp-json\/wp\/v2\/tags?post=4184"}],"curies":[{"name":"wp","href":"https:\/\/api.w.org\/{rel}","templated":true}]}}